{"id":13773,"date":"2021-04-23T09:01:04","date_gmt":"2021-04-23T07:01:04","guid":{"rendered":"https:\/\/www.rekers.de\/?p=13773"},"modified":"2021-04-23T09:46:59","modified_gmt":"2021-04-23T07:46:59","slug":"rekers-posiada-certyfikaty-w-zakresie-wykonywania-prac-spawalniczych-zgodnie","status":"publish","type":"post","link":"https:\/\/www.rekers.de\/pl\/rekers-posiada-certyfikaty-w-zakresie-wykonywania-prac-spawalniczych-zgodnie\/","title":{"rendered":"REKERS posiada certyfikaty w zakresie wykonywania prac spawalniczych zgodnie"},"content":{"rendered":"<div class=\"fusion-fullwidth fullwidth-box fusion-builder-row-1 fusion-flex-container nonhundred-percent-fullwidth non-hundred-percent-height-scrolling\" style=\"--awb-border-radius-top-left:0px;--awb-border-radius-top-right:0px;--awb-border-radius-bottom-right:0px;--awb-border-radius-bottom-left:0px;--awb-flex-wrap:wrap;\" ><div class=\"fusion-builder-row fusion-row fusion-flex-align-items-flex-start fusion-flex-content-wrap\" style=\"max-width:1196px;margin-left: calc(-4% \/ 2 );margin-right: calc(-4% \/ 2 );\"><div class=\"fusion-layout-column fusion_builder_column fusion-builder-column-0 fusion_builder_column_1_3 1_3 fusion-flex-column\" style=\"--awb-bg-size:cover;--awb-width-large:33.333333333333%;--awb-margin-top-large:0px;--awb-spacing-right-large:5.76%;--awb-margin-bottom-large:20px;--awb-spacing-left-large:5.76%;--awb-width-medium:100%;--awb-order-medium:0;--awb-spacing-right-medium:1.92%;--awb-spacing-left-medium:1.92%;--awb-width-small:100%;--awb-order-small:0;--awb-spacing-right-small:1.92%;--awb-spacing-left-small:1.92%;\"><div class=\"fusion-column-wrapper fusion-column-has-shadow fusion-flex-justify-content-flex-start fusion-content-layout-column\"><div class=\"fusion-image-element \" style=\"--awb-caption-title-font-family:var(--h2_typography-font-family);--awb-caption-title-font-weight:var(--h2_typography-font-weight);--awb-caption-title-font-style:var(--h2_typography-font-style);--awb-caption-title-size:var(--h2_typography-font-size);--awb-caption-title-transform:var(--h2_typography-text-transform);--awb-caption-title-line-height:var(--h2_typography-line-height);--awb-caption-title-letter-spacing:var(--h2_typography-letter-spacing);\"><span class=\" fusion-imageframe imageframe-none imageframe-1 hover-type-none\"><a class=\"fusion-no-lightbox\" href=\"https:\/\/www.rekers.de\/wp-content\/uploads\/safety-at-work-3954231_1920.jpg\" target=\"_self\" aria-label=\"safety-at-work-3954231_1920\"><img decoding=\"async\" width=\"300\" height=\"200\" src=\"https:\/\/www.rekers.de\/wp-content\/uploads\/safety-at-work-3954231_1920-1-300x200.jpg\" alt class=\"img-responsive wp-image-13783\" srcset=\"https:\/\/www.rekers.de\/wp-content\/uploads\/safety-at-work-3954231_1920-1-200x133.jpg 200w, https:\/\/www.rekers.de\/wp-content\/uploads\/safety-at-work-3954231_1920-1-400x267.jpg 400w, https:\/\/www.rekers.de\/wp-content\/uploads\/safety-at-work-3954231_1920-1-600x400.jpg 600w, https:\/\/www.rekers.de\/wp-content\/uploads\/safety-at-work-3954231_1920-1-800x533.jpg 800w, https:\/\/www.rekers.de\/wp-content\/uploads\/safety-at-work-3954231_1920-1-1200x800.jpg 1200w, https:\/\/www.rekers.de\/wp-content\/uploads\/safety-at-work-3954231_1920-1.jpg 1920w\" sizes=\"(max-width: 1024px) 100vw, (max-width: 640px) 100vw, 400px\" \/><\/a><\/span><\/div><\/div><\/div><div class=\"fusion-layout-column fusion_builder_column fusion-builder-column-1 fusion_builder_column_2_3 2_3 fusion-flex-column\" style=\"--awb-bg-size:cover;--awb-width-large:66.666666666667%;--awb-margin-top-large:0px;--awb-spacing-right-large:2.88%;--awb-margin-bottom-large:20px;--awb-spacing-left-large:2.88%;--awb-width-medium:100%;--awb-order-medium:0;--awb-spacing-right-medium:1.92%;--awb-spacing-left-medium:1.92%;--awb-width-small:100%;--awb-order-small:0;--awb-spacing-right-small:1.92%;--awb-spacing-left-small:1.92%;\"><div class=\"fusion-column-wrapper fusion-column-has-shadow fusion-flex-justify-content-flex-start fusion-content-layout-column\"><div class=\"fusion-text fusion-text-1\"><p>Firma <strong>REKERS Maschinen- und Anlagenbau GmbH<\/strong> posiada certyfikaty w zakresie wykonywania prac spawalniczych zgodnie z normami <strong>DIN EN ISO 3834-2 <\/strong>oraz<strong> EN 1090-1\/-2<\/strong> (konstrukcje stalowe i zestawy konstrukcyjne do <strong>EXC 3 <\/strong>w\u0142\u0105cznie).<\/p>\n<p>Nasi <strong>spawacze <\/strong>s\u0105 przeszkoleni wg norm \u00a0<strong>ISO 9606-1 <\/strong>i podlegaj\u0105 sta\u0142ym kontrolom, co gwarantuje optymaln\u0105\u00a0 jako\u015b\u0107 naszych spawanych komponent\u00f3w.<\/p>\n<\/div><\/div><\/div><\/div><\/div>\n","protected":false},"excerpt":{"rendered":"","protected":false},"author":1,"featured_media":13783,"comment_status":"open","ping_status":"open","sticky":false,"template":"","format":"standard","meta":{"footnotes":""},"categories":[88,89],"tags":[],"class_list":["post-13773","post","type-post","status-publish","format-standard","has-post-thumbnail","hentry","category-aktualnosci","category-news-pl"],"aioseo_notices":[],"_links":{"self":[{"href":"https:\/\/www.rekers.de\/pl\/wp-json\/wp\/v2\/posts\/13773","targetHints":{"allow":["GET"]}}],"collection":[{"href":"https:\/\/www.rekers.de\/pl\/wp-json\/wp\/v2\/posts"}],"about":[{"href":"https:\/\/www.rekers.de\/pl\/wp-json\/wp\/v2\/types\/post"}],"author":[{"embeddable":true,"href":"https:\/\/www.rekers.de\/pl\/wp-json\/wp\/v2\/users\/1"}],"replies":[{"embeddable":true,"href":"https:\/\/www.rekers.de\/pl\/wp-json\/wp\/v2\/comments?post=13773"}],"version-history":[{"count":4,"href":"https:\/\/www.rekers.de\/pl\/wp-json\/wp\/v2\/posts\/13773\/revisions"}],"predecessor-version":[{"id":13789,"href":"https:\/\/www.rekers.de\/pl\/wp-json\/wp\/v2\/posts\/13773\/revisions\/13789"}],"wp:featuredmedia":[{"embeddable":true,"href":"https:\/\/www.rekers.de\/pl\/wp-json\/wp\/v2\/media\/13783"}],"wp:attachment":[{"href":"https:\/\/www.rekers.de\/pl\/wp-json\/wp\/v2\/media?parent=13773"}],"wp:term":[{"taxonomy":"category","embeddable":true,"href":"https:\/\/www.rekers.de\/pl\/wp-json\/wp\/v2\/categories?post=13773"},{"taxonomy":"post_tag","embeddable":true,"href":"https:\/\/www.rekers.de\/pl\/wp-json\/wp\/v2\/tags?post=13773"}],"curies":[{"name":"wp","href":"https:\/\/api.w.org\/{rel}","templated":true}]}}