{"id":15013,"date":"2022-02-18T12:52:39","date_gmt":"2022-02-18T11:52:39","guid":{"rendered":"https:\/\/www.rekers.de\/?p=15013"},"modified":"2022-02-23T11:06:12","modified_gmt":"2022-02-23T10:06:12","slug":"15013","status":"publish","type":"post","link":"https:\/\/www.rekers.de\/pl\/15013\/","title":{"rendered":"Nowy szef dzia\u0142u sprzeda\u017cy, pan Jonas Sperver"},"content":{"rendered":"<div class=\"fusion-fullwidth fullwidth-box fusion-builder-row-1 fusion-flex-container nonhundred-percent-fullwidth non-hundred-percent-height-scrolling\" style=\"--awb-border-radius-top-left:0px;--awb-border-radius-top-right:0px;--awb-border-radius-bottom-right:0px;--awb-border-radius-bottom-left:0px;--awb-flex-wrap:wrap;\" ><div class=\"fusion-builder-row fusion-row fusion-flex-align-items-flex-start fusion-flex-content-wrap\" style=\"max-width:1196px;margin-left: calc(-4% \/ 2 );margin-right: calc(-4% \/ 2 );\"><div class=\"fusion-layout-column fusion_builder_column fusion-builder-column-0 fusion_builder_column_1_3 1_3 fusion-flex-column\" style=\"--awb-bg-size:cover;--awb-width-large:33.333333333333%;--awb-margin-top-large:0px;--awb-spacing-right-large:5.76%;--awb-margin-bottom-large:20px;--awb-spacing-left-large:5.76%;--awb-width-medium:100%;--awb-order-medium:0;--awb-spacing-right-medium:1.92%;--awb-spacing-left-medium:1.92%;--awb-width-small:100%;--awb-order-small:0;--awb-spacing-right-small:1.92%;--awb-spacing-left-small:1.92%;\"><div class=\"fusion-column-wrapper fusion-column-has-shadow fusion-flex-justify-content-flex-start fusion-content-layout-column\"><div class=\"fusion-image-element \" style=\"--awb-caption-title-font-family:var(--h2_typography-font-family);--awb-caption-title-font-weight:var(--h2_typography-font-weight);--awb-caption-title-font-style:var(--h2_typography-font-style);--awb-caption-title-size:var(--h2_typography-font-size);--awb-caption-title-transform:var(--h2_typography-text-transform);--awb-caption-title-line-height:var(--h2_typography-line-height);--awb-caption-title-letter-spacing:var(--h2_typography-letter-spacing);\"><span class=\" fusion-imageframe imageframe-none imageframe-1 hover-type-none\"><a class=\"fusion-no-lightbox\" href=\"https:\/\/www.rekers.de\/wp-content\/uploads\/ALB1453-scaled.jpg\" target=\"_self\" aria-label=\"_ALB1453\"><img decoding=\"async\" width=\"2560\" height=\"1706\" src=\"https:\/\/www.rekers.de\/wp-content\/uploads\/ALB1453-scaled.jpg\" alt class=\"img-responsive wp-image-15001\" srcset=\"https:\/\/www.rekers.de\/wp-content\/uploads\/ALB1453-200x133.jpg 200w, https:\/\/www.rekers.de\/wp-content\/uploads\/ALB1453-400x267.jpg 400w, https:\/\/www.rekers.de\/wp-content\/uploads\/ALB1453-600x400.jpg 600w, https:\/\/www.rekers.de\/wp-content\/uploads\/ALB1453-800x533.jpg 800w, https:\/\/www.rekers.de\/wp-content\/uploads\/ALB1453-1200x800.jpg 1200w, https:\/\/www.rekers.de\/wp-content\/uploads\/ALB1453-scaled.jpg 2560w\" sizes=\"(max-width: 1024px) 100vw, (max-width: 640px) 100vw, 400px\" \/><\/a><\/span><\/div><\/div><\/div><div class=\"fusion-layout-column fusion_builder_column fusion-builder-column-1 fusion_builder_column_2_3 2_3 fusion-flex-column\" style=\"--awb-bg-size:cover;--awb-width-large:66.666666666667%;--awb-margin-top-large:0px;--awb-spacing-right-large:2.88%;--awb-margin-bottom-large:20px;--awb-spacing-left-large:2.88%;--awb-width-medium:100%;--awb-order-medium:0;--awb-spacing-right-medium:1.92%;--awb-spacing-left-medium:1.92%;--awb-width-small:100%;--awb-order-small:0;--awb-spacing-right-small:1.92%;--awb-spacing-left-small:1.92%;\"><div class=\"fusion-column-wrapper fusion-column-has-shadow fusion-flex-justify-content-flex-start fusion-content-layout-column\"><div class=\"fusion-text fusion-text-1\" style=\"--awb-text-transform:none;\"><p>W ko\u0144cu ubieg\u0142ego roku pan Jonas Sperver obj\u0105\u0142 funkcj\u0119 kierownika dzia\u0142u do spraw sprzeda\u017cy firmy REKERS GmbH. Obj\u0105\u0142 on jednocze\u015bnie przy tym funkcj\u0119 cz\u0142onka \u015bcis\u0142ego kierownictwa tej rodzinnej firmy. Pan Jonas Sperver przeszed\u0142 wszystkie instancje w przedsi\u0119biorstwie, poczynaj\u0105c od produkcji, poprzez projektowanie, a\u017c po sprzeda\u017c, co zaowocowa\u0142o zdobyciem wielu do\u015bwiadcze\u0144 w skali mi\u0119dzynarodowej w przemy\u015ble produkcji maszyn do produkcji wyrob\u00f3w betonowych.<br \/>\nJako nowy kierownik dzia\u0142u sprzeda\u017cy pan Jonas Sperver odpowiedzialny jest r\u00f3wnie\u017c za marketing, projektowanie oraz sprzeda\u017c ca\u0142ego przedsi\u0119biorstwa. Ma on klarowne wyobra\u017cenie co do wyzwa\u0144 na nowej pozycji. Jest to: \u201eca\u0142y nasz zesp\u00f3\u0142 d\u0105\u017cy do osi\u0105gni\u0119cia wysokiego stopnia powi\u0105zania z naszymi Klientami poprzez optymalne po\u0142\u0105czenie serwisu i dopasowanie ofert do ich \u017cycze\u0144. Dodatkowo chcemy wprowadzi\u0107 w \u017cycie wiele idei i nowych koncepcji, by zdoby\u0107 nowe rynki nowymi drogami sprzeda\u017cy\u201d R\u00f3wnie\u017c oboje prezes\u00f3w zarz\u0105dzaj\u0105cych firmy, pa\u0144stwo Annette i Norbert Foppe s\u0105 bardzo radzi z obecno\u015bci nowej osoby w kierownictwie przedsi\u0119biorstwa. &#8222;w osobie pana Jonasa Spervera znale\u017ali\u015bmy odpowiedni\u0105 osob\u0119 dla tych wa\u017cnych zada\u0144, poniewa\u017c zna on \u015bwietnie zar\u00f3wno rynek, jak i nasz\u0105 firm\u0119\u201d<br \/>\nGratulujemy panu Sperverowi z racji obj\u0119cia stanowiska i \u017cyczymy na przysz\u0142o\u015b\u0107 wielu sukces\u00f3w!<\/p>\n<\/div><\/div><\/div><\/div><\/div>\n","protected":false},"excerpt":{"rendered":"","protected":false},"author":1,"featured_media":15001,"comment_status":"open","ping_status":"open","sticky":false,"template":"","format":"standard","meta":{"footnotes":""},"categories":[89],"tags":[],"class_list":["post-15013","post","type-post","status-publish","format-standard","has-post-thumbnail","hentry","category-news-pl"],"aioseo_notices":[],"_links":{"self":[{"href":"https:\/\/www.rekers.de\/pl\/wp-json\/wp\/v2\/posts\/15013","targetHints":{"allow":["GET"]}}],"collection":[{"href":"https:\/\/www.rekers.de\/pl\/wp-json\/wp\/v2\/posts"}],"about":[{"href":"https:\/\/www.rekers.de\/pl\/wp-json\/wp\/v2\/types\/post"}],"author":[{"embeddable":true,"href":"https:\/\/www.rekers.de\/pl\/wp-json\/wp\/v2\/users\/1"}],"replies":[{"embeddable":true,"href":"https:\/\/www.rekers.de\/pl\/wp-json\/wp\/v2\/comments?post=15013"}],"version-history":[{"count":4,"href":"https:\/\/www.rekers.de\/pl\/wp-json\/wp\/v2\/posts\/15013\/revisions"}],"predecessor-version":[{"id":15041,"href":"https:\/\/www.rekers.de\/pl\/wp-json\/wp\/v2\/posts\/15013\/revisions\/15041"}],"wp:featuredmedia":[{"embeddable":true,"href":"https:\/\/www.rekers.de\/pl\/wp-json\/wp\/v2\/media\/15001"}],"wp:attachment":[{"href":"https:\/\/www.rekers.de\/pl\/wp-json\/wp\/v2\/media?parent=15013"}],"wp:term":[{"taxonomy":"category","embeddable":true,"href":"https:\/\/www.rekers.de\/pl\/wp-json\/wp\/v2\/categories?post=15013"},{"taxonomy":"post_tag","embeddable":true,"href":"https:\/\/www.rekers.de\/pl\/wp-json\/wp\/v2\/tags?post=15013"}],"curies":[{"name":"wp","href":"https:\/\/api.w.org\/{rel}","templated":true}]}}