{"id":15540,"date":"2022-11-18T11:06:17","date_gmt":"2022-11-18T10:06:17","guid":{"rendered":"https:\/\/www.rekers.de\/?p=15540"},"modified":"2022-11-18T11:06:17","modified_gmt":"2022-11-18T10:06:17","slug":"bauma-2022-czas-podziekowac-za-wasze-odwiedziny","status":"publish","type":"post","link":"https:\/\/www.rekers.de\/pl\/bauma-2022-czas-podziekowac-za-wasze-odwiedziny\/","title":{"rendered":"Bauma 2022 \u2013 Czas podzi\u0119kowa\u0107 za Wasze  odwiedziny!"},"content":{"rendered":"<div class=\"fusion-fullwidth fullwidth-box fusion-builder-row-1 fusion-flex-container has-pattern-background has-mask-background nonhundred-percent-fullwidth non-hundred-percent-height-scrolling\" style=\"--awb-border-radius-top-left:0px;--awb-border-radius-top-right:0px;--awb-border-radius-bottom-right:0px;--awb-border-radius-bottom-left:0px;--awb-flex-wrap:wrap;\" ><div class=\"fusion-builder-row fusion-row fusion-flex-align-items-flex-start fusion-flex-content-wrap\" style=\"max-width:1196px;margin-left: calc(-4% \/ 2 );margin-right: calc(-4% \/ 2 );\"><div class=\"fusion-layout-column fusion_builder_column fusion-builder-column-0 fusion_builder_column_1_3 1_3 fusion-flex-column\" style=\"--awb-bg-size:cover;--awb-width-large:33.333333333333%;--awb-margin-top-large:0px;--awb-spacing-right-large:5.76%;--awb-margin-bottom-large:20px;--awb-spacing-left-large:5.76%;--awb-width-medium:100%;--awb-order-medium:0;--awb-spacing-right-medium:1.92%;--awb-spacing-left-medium:1.92%;--awb-width-small:100%;--awb-order-small:0;--awb-spacing-right-small:1.92%;--awb-spacing-left-small:1.92%;\"><div class=\"fusion-column-wrapper fusion-column-has-shadow fusion-flex-justify-content-flex-start fusion-content-layout-column\"><div class=\"fusion-image-element \" style=\"--awb-caption-title-font-family:var(--h2_typography-font-family);--awb-caption-title-font-weight:var(--h2_typography-font-weight);--awb-caption-title-font-style:var(--h2_typography-font-style);--awb-caption-title-size:var(--h2_typography-font-size);--awb-caption-title-transform:var(--h2_typography-text-transform);--awb-caption-title-line-height:var(--h2_typography-line-height);--awb-caption-title-letter-spacing:var(--h2_typography-letter-spacing);\"><span class=\" fusion-imageframe imageframe-none imageframe-1 hover-type-none\"><a class=\"fusion-no-lightbox\" href=\"https:\/\/www.rekers.de\/wp-content\/uploads\/Danksagung_Bauma-22_PL-scaled.jpg\" target=\"_self\" aria-label=\"Danksagung_Bauma 22_PL\"><img decoding=\"async\" width=\"2048\" height=\"2560\" src=\"https:\/\/www.rekers.de\/wp-content\/uploads\/Danksagung_Bauma-22_PL-scaled.jpg\" alt class=\"img-responsive wp-image-15545\" srcset=\"https:\/\/www.rekers.de\/wp-content\/uploads\/Danksagung_Bauma-22_PL-200x250.jpg 200w, https:\/\/www.rekers.de\/wp-content\/uploads\/Danksagung_Bauma-22_PL-400x500.jpg 400w, https:\/\/www.rekers.de\/wp-content\/uploads\/Danksagung_Bauma-22_PL-600x750.jpg 600w, https:\/\/www.rekers.de\/wp-content\/uploads\/Danksagung_Bauma-22_PL-800x1000.jpg 800w, https:\/\/www.rekers.de\/wp-content\/uploads\/Danksagung_Bauma-22_PL-1200x1500.jpg 1200w, https:\/\/www.rekers.de\/wp-content\/uploads\/Danksagung_Bauma-22_PL-scaled.jpg 2048w\" sizes=\"(max-width: 1024px) 100vw, (max-width: 640px) 100vw, 400px\" \/><\/a><\/span><\/div><\/div><\/div><div class=\"fusion-layout-column fusion_builder_column fusion-builder-column-1 fusion_builder_column_2_3 2_3 fusion-flex-column\" style=\"--awb-bg-size:cover;--awb-width-large:66.666666666667%;--awb-margin-top-large:0px;--awb-spacing-right-large:2.88%;--awb-margin-bottom-large:20px;--awb-spacing-left-large:2.88%;--awb-width-medium:100%;--awb-order-medium:0;--awb-spacing-right-medium:1.92%;--awb-spacing-left-medium:1.92%;--awb-width-small:100%;--awb-order-small:0;--awb-spacing-right-small:1.92%;--awb-spacing-left-small:1.92%;\"><div class=\"fusion-column-wrapper fusion-column-has-shadow fusion-flex-justify-content-flex-start fusion-content-layout-column\"><div class=\"fusion-text fusion-text-1\"><p>Jako rodzinna firma spogl\u0105damy z wdzi\u0119czno\u015bci\u0105 na liczne, pe\u0142ne zainteresowania uczestnictwo naszych go\u015bci podczas minionych targ\u00f3w Bauma w Monachium. Wiele prowadzonych dyskusji na wiele temat\u00f3w nape\u0142niaj\u0105 nas wdzi\u0119czno\u015bci\u0105, za co Wam chcemy podzi\u0119kowa\u0107!<\/p>\n<p>W tym roku przedstawili\u015bmy maszyn\u0119 typu RS 4 z wieloma nowymi atrakcjami. Magnetyczne mocowanie stempla oraz nowatorskie ryglowanie wszelkiego rodzaju form bez adaptor\u00f3w wzbudzi\u0142y du\u017ce zainteresowanie ogl\u0105daj\u0105cych. Najwi\u0119ksz\u0105 ciekawostk\u0105 prezentowan\u0105 publiczno\u015bci by\u0142a jednak AUTOMATYCZNA WYMIANA FORM w czasie poni\u017cej 2 minut. Spotka\u0142o si\u0119 to z bardzo du\u017cym zainteresowaniem go\u015bci naszego stoiska targowego.<\/p>\n<p>Prawie nieograniczone mo\u017cliwo\u015bci dodatkowego wyposa\u017cenia maszyn serii RS w na przyk\u0142ad: urz\u0105dzenia do wprowadzania zbrojenia \/ wk\u0142adek styropiany na st\u00f3\u0142 wibracyjny, urz\u0105dzenia do wykonywania otwor\u00f3w w wyrobach, r\u00f3\u017cne urz\u0105dzenia blach przesuwnych umo\u017cliwiaj\u0105 produkcj\u0119 nowatorskich wyrob\u00f3w betonowych. W obecnych czasach kryzysu energetycznego z du\u017cym zainteresowaniem spotka\u0142o si\u0119 rozwi\u0105zanie serwonap\u0119d\u00f3w szuflad betonu przekazuj\u0105cych posuw szuflad poprzez zamkni\u0119ty obw\u00f3d karbonowych pas\u00f3w z\u0119batych. Umo\u017cliwia to kompaktow\u0105 form\u0119 budowy maszyn. Drug\u0105 zalet\u0119 tego rozwi\u0105zania s\u0105 nieosi\u0105gane do tej pory znaczne oszcz\u0119dno\u015bci w zu\u017cyciu energii elektrycznej przy produkcji wyrob\u00f3w betonowych.<\/p>\n<p>Wiele zainteresowania wzbudzi\u0142 r\u00f3wnie\u017c opatentowany system produkcji melan\u017cy \u2013 Colour-Blending Kompakt. W mi\u0119dzyczasie technologia ta wielokrotnie potwierdzi\u0142a swoje zalety w precyzyjnym dozowaniu i nieosi\u0105galnej do tej pory powtarzalno\u015bci w produkcji wysokojako\u015bciowych wyrob\u00f3w barwionych.<\/p>\n<p>Byli\u015bmy niezmiernie uradowani z zainteresowania naszymi innowacjami wyra\u017canego przez naszych d\u0142ugoletnich partner\u00f3w biznesowych, jak i nowych zainteresowanych. Te wysoce pozytywne oceny utwierdzaj\u0105 nas w przekonaniu, i\u017c wybrana przez nas droga sta\u0142ego doskonalenia naszych produkt\u00f3w i wdra\u017cania innowacyjnych rozwi\u0105za\u0144 jest s\u0142uszna. Dzi\u0119kujemy serdecznie wszystkim naszym Go\u015bciom za przyjazn\u0105 atmosfer\u0119 prowadzonych rozm\u00f3w, wiele sugestii oraz pozytywne echo.<\/p>\n<p>Przyj\u0119li\u015bmy podczas targ\u00f3w bardzo wiele zapyta\u0144 ofertowych. Mimo, \u017ce ju\u017c nad nimi pracujemy, ich ilo\u015b\u0107 wymaga\u0107 b\u0119dzie sporo nak\u0142adu czasu. Prosimy dlatego o wyrozumia\u0142o\u015b\u0107, by zachowa\u0107 troch\u0119 cierpliwo\u015bci w oczekiwaniu na pe\u0142n\u0105 ofert\u0119. W wypadku dokonania niezb\u0119dnych uzgodnie\u0144 przy szczeg\u00f3\u0142ach zapytania zwr\u00f3cimy si\u0119 do Was w najbli\u017cszym czasie.<\/p>\n<p>Dla pyta\u0144 i uwag do dyspozycji stoi ca\u0142y nasz zesp\u00f3\u0142 (Email: angebot@rekers.de; Telefon: +49 5977 936-0).<\/p>\n<p>Z wyrazami szacunku<\/p>\n<p>Wasz team REKERS<\/p>\n<\/div><\/div><\/div><\/div><\/div>\n","protected":false},"excerpt":{"rendered":"","protected":false},"author":1,"featured_media":0,"comment_status":"open","ping_status":"open","sticky":false,"template":"","format":"standard","meta":{"footnotes":""},"categories":[89],"tags":[],"class_list":["post-15540","post","type-post","status-publish","format-standard","hentry","category-news-pl"],"aioseo_notices":[],"_links":{"self":[{"href":"https:\/\/www.rekers.de\/pl\/wp-json\/wp\/v2\/posts\/15540","targetHints":{"allow":["GET"]}}],"collection":[{"href":"https:\/\/www.rekers.de\/pl\/wp-json\/wp\/v2\/posts"}],"about":[{"href":"https:\/\/www.rekers.de\/pl\/wp-json\/wp\/v2\/types\/post"}],"author":[{"embeddable":true,"href":"https:\/\/www.rekers.de\/pl\/wp-json\/wp\/v2\/users\/1"}],"replies":[{"embeddable":true,"href":"https:\/\/www.rekers.de\/pl\/wp-json\/wp\/v2\/comments?post=15540"}],"version-history":[{"count":1,"href":"https:\/\/www.rekers.de\/pl\/wp-json\/wp\/v2\/posts\/15540\/revisions"}],"predecessor-version":[{"id":15548,"href":"https:\/\/www.rekers.de\/pl\/wp-json\/wp\/v2\/posts\/15540\/revisions\/15548"}],"wp:attachment":[{"href":"https:\/\/www.rekers.de\/pl\/wp-json\/wp\/v2\/media?parent=15540"}],"wp:term":[{"taxonomy":"category","embeddable":true,"href":"https:\/\/www.rekers.de\/pl\/wp-json\/wp\/v2\/categories?post=15540"},{"taxonomy":"post_tag","embeddable":true,"href":"https:\/\/www.rekers.de\/pl\/wp-json\/wp\/v2\/tags?post=15540"}],"curies":[{"name":"wp","href":"https:\/\/api.w.org\/{rel}","templated":true}]}}