{"id":17583,"date":"2023-07-31T13:36:51","date_gmt":"2023-07-31T11:36:51","guid":{"rendered":"https:\/\/www.rekers.de\/?p=17583"},"modified":"2023-07-31T13:36:51","modified_gmt":"2023-07-31T11:36:51","slug":"rekers-gmbh-maschinen-und-anlagenbau-oplakuje-strate-zalozyciela-firmy-pana-karla-rekersa","status":"publish","type":"post","link":"https:\/\/www.rekers.de\/pl\/rekers-gmbh-maschinen-und-anlagenbau-oplakuje-strate-zalozyciela-firmy-pana-karla-rekersa\/","title":{"rendered":"REKERS GmbH Maschinen- und Anlagenbau op\u0142akuje strat\u0119 za\u0142o\u017cyciela firmy, pana Karla Rekersa"},"content":{"rendered":"<div class=\"fusion-fullwidth fullwidth-box fusion-builder-row-1 fusion-flex-container nonhundred-percent-fullwidth non-hundred-percent-height-scrolling\" style=\"--awb-border-radius-top-left:0px;--awb-border-radius-top-right:0px;--awb-border-radius-bottom-right:0px;--awb-border-radius-bottom-left:0px;--awb-flex-wrap:wrap;\" ><div class=\"fusion-builder-row fusion-row fusion-flex-align-items-flex-start fusion-flex-content-wrap\" style=\"max-width:1196px;margin-left: calc(-4% \/ 2 );margin-right: calc(-4% \/ 2 );\"><div class=\"fusion-layout-column fusion_builder_column fusion-builder-column-0 fusion_builder_column_1_3 1_3 fusion-flex-column\" style=\"--awb-bg-size:cover;--awb-width-large:33.333333333333%;--awb-margin-top-large:0px;--awb-spacing-right-large:5.76%;--awb-margin-bottom-large:0px;--awb-spacing-left-large:5.76%;--awb-width-medium:100%;--awb-spacing-right-medium:1.92%;--awb-spacing-left-medium:1.92%;--awb-width-small:100%;--awb-spacing-right-small:1.92%;--awb-spacing-left-small:1.92%;\"><div class=\"fusion-column-wrapper fusion-flex-justify-content-flex-start fusion-content-layout-column\"><div class=\"fusion-image-element \" style=\"--awb-caption-title-font-family:var(--h2_typography-font-family);--awb-caption-title-font-weight:var(--h2_typography-font-weight);--awb-caption-title-font-style:var(--h2_typography-font-style);--awb-caption-title-size:var(--h2_typography-font-size);--awb-caption-title-transform:var(--h2_typography-text-transform);--awb-caption-title-line-height:var(--h2_typography-line-height);--awb-caption-title-letter-spacing:var(--h2_typography-letter-spacing);\"><span class=\" fusion-imageframe imageframe-none imageframe-1 hover-type-none\"><a class=\"fusion-no-lightbox\" href=\"https:\/\/www.rekers.de\/wp-content\/uploads\/Karl_Rekers-SW-8.jpg\" target=\"_self\" aria-label=\"Karl_Rekers SW-8\"><img decoding=\"async\" width=\"974\" height=\"964\" src=\"https:\/\/www.rekers.de\/wp-content\/uploads\/Karl_Rekers-SW-8.jpg\" alt class=\"img-responsive wp-image-17514\" srcset=\"https:\/\/www.rekers.de\/wp-content\/uploads\/Karl_Rekers-SW-8-200x198.jpg 200w, https:\/\/www.rekers.de\/wp-content\/uploads\/Karl_Rekers-SW-8-400x396.jpg 400w, https:\/\/www.rekers.de\/wp-content\/uploads\/Karl_Rekers-SW-8-600x594.jpg 600w, https:\/\/www.rekers.de\/wp-content\/uploads\/Karl_Rekers-SW-8-800x792.jpg 800w, https:\/\/www.rekers.de\/wp-content\/uploads\/Karl_Rekers-SW-8.jpg 974w\" sizes=\"(max-width: 1024px) 100vw, (max-width: 640px) 100vw, 400px\" \/><\/a><\/span><\/div><\/div><\/div><div class=\"fusion-layout-column fusion_builder_column fusion-builder-column-1 fusion_builder_column_2_3 2_3 fusion-flex-column\" style=\"--awb-bg-size:cover;--awb-width-large:66.666666666667%;--awb-margin-top-large:0px;--awb-spacing-right-large:2.88%;--awb-margin-bottom-large:0px;--awb-spacing-left-large:2.88%;--awb-width-medium:100%;--awb-spacing-right-medium:1.92%;--awb-spacing-left-medium:1.92%;--awb-width-small:100%;--awb-spacing-right-small:1.92%;--awb-spacing-left-small:1.92%;\"><div class=\"fusion-column-wrapper fusion-flex-justify-content-flex-start fusion-content-layout-column\"><div class=\"fusion-text fusion-text-1\"><p>Z g\u0142\u0119bokim smutkiem i wielk\u0105 wdzi\u0119czno\u015bci\u0105 \u017cegnamy za\u0142o\u017cyciela naszej firmy i \u201eseniorszefa\u201c, Karla Rekersa, kt\u00f3ry zmar\u0142 20 lipca 2023 roku w wieku 93 lat.<\/p>\n<p>Po uko\u0144czeniu studi\u00f3w in\u017cynierii mechanicznej \/ budowy maszyn na Uniwersytecie Technicznym w Hanowerze za\u0142o\u017cy\u0142 w dniu 01. listopada 1955 roku, wsp\u00f3lnie ze swoj\u0105 \u017con\u0105, Kl\u00e4rchen Rekers, firm\u0119 \u201eDipl.-Ing. Karl Rekers\u201d w zak\u0142adzie \u015blusarskim macierzystych zak\u0142ad\u00f3w produkcji wyrob\u00f3w betonowych.<\/p>\n<p>Ze swoim talentem wynalazcy i niewyczerpan\u0105 energi\u0105 Karl Rekers przez wiele dziesi\u0119cioleci konsekwentnie kszta\u0142towa\u0142 i rozwija\u0142 swoj\u0105 firm\u0119. By\u0142 uwa\u017cany za wizjonera i pioniera w rozwoju w pe\u0142ni zautomatyzowanych maszyn i system\u00f3w dla przemys\u0142u materia\u0142\u00f3w budowlanych.<\/p>\n<p>Jego firma REKERS GmbH, zatrudniaj\u0105ca oko\u0142o 200 pracownik\u00f3w, jest obecnie \u015bwiatowym producentem w pe\u0142ni zautomatyzowanych system\u00f3w produkcji i przeno\u015bnik\u00f3w z oddzia\u0142ami w Wielkiej Brytanii i USA i jest dobrze znana w bran\u017cy z innowacji.<\/p>\n<p>Dla Karla Rekersa, pe\u0142nego pasji przedsi\u0119biorcy rodzinnego, utrzymywanie kontaktu ze swoimi pracownikami by\u0142o oczywisto\u015bci\u0105. Nawet d\u0142ugo po przej\u015bciu na zas\u0142u\u017con\u0105 emerytur\u0119, interesy jego firmy i jej pracownik\u00f3w zawsze by\u0142y dla niego wa\u017cne. Wyr\u00f3\u017cnia\u0142 si\u0119 szczeg\u00f3lnie: \u017cyczliwo\u015bci\u0105, skromno\u015bci\u0105 i ogromn\u0105 ciekawo\u015bci\u0105 na otaczaj\u0105cy go \u015bwiat.<\/p>\n<p>Zaanga\u017cowanie w sprawach spo\u0142ecznych zawsze by\u0142y dla niego bardzo wa\u017cne. Mi\u0119dzy innymi udziela\u0142 si\u0119 przez wiele dziesi\u0119cioleci jako lokalny polityk w swojej rodzinnej spo\u0142eczno\u015bci. W uznaniu zas\u0142ug zosta\u0142 w 1999 roku pierwszym honorowym obywatelem gminy Spelle.<\/p>\n<p>Jeste\u015bmy bardzo wdzi\u0119czni za dorobek \u017cycia Karla Rekersa. Wraz z nim tracimy osobowo\u015b\u0107, kt\u00f3ra zawsze b\u0119dzie dla nas wzorem do na\u015bladowania. Ca\u0142e nasze wsp\u00f3\u0142czucie kierujemy do jego rodziny.<\/p>\n<p>Zarz\u0105d, pracownicy i rada zak\u0142adowa firmy<br \/>\nREKERS GmbH Maschinen- und Anlagenbau<\/p>\n<\/div><\/div><\/div><\/div><\/div>\n","protected":false},"excerpt":{"rendered":"","protected":false},"author":1,"featured_media":17514,"comment_status":"closed","ping_status":"open","sticky":false,"template":"","format":"standard","meta":{"footnotes":""},"categories":[88,89],"tags":[],"class_list":["post-17583","post","type-post","status-publish","format-standard","has-post-thumbnail","hentry","category-aktualnosci","category-news-pl"],"aioseo_notices":[],"_links":{"self":[{"href":"https:\/\/www.rekers.de\/pl\/wp-json\/wp\/v2\/posts\/17583","targetHints":{"allow":["GET"]}}],"collection":[{"href":"https:\/\/www.rekers.de\/pl\/wp-json\/wp\/v2\/posts"}],"about":[{"href":"https:\/\/www.rekers.de\/pl\/wp-json\/wp\/v2\/types\/post"}],"author":[{"embeddable":true,"href":"https:\/\/www.rekers.de\/pl\/wp-json\/wp\/v2\/users\/1"}],"replies":[{"embeddable":true,"href":"https:\/\/www.rekers.de\/pl\/wp-json\/wp\/v2\/comments?post=17583"}],"version-history":[{"count":2,"href":"https:\/\/www.rekers.de\/pl\/wp-json\/wp\/v2\/posts\/17583\/revisions"}],"predecessor-version":[{"id":17585,"href":"https:\/\/www.rekers.de\/pl\/wp-json\/wp\/v2\/posts\/17583\/revisions\/17585"}],"wp:featuredmedia":[{"embeddable":true,"href":"https:\/\/www.rekers.de\/pl\/wp-json\/wp\/v2\/media\/17514"}],"wp:attachment":[{"href":"https:\/\/www.rekers.de\/pl\/wp-json\/wp\/v2\/media?parent=17583"}],"wp:term":[{"taxonomy":"category","embeddable":true,"href":"https:\/\/www.rekers.de\/pl\/wp-json\/wp\/v2\/categories?post=17583"},{"taxonomy":"post_tag","embeddable":true,"href":"https:\/\/www.rekers.de\/pl\/wp-json\/wp\/v2\/tags?post=17583"}],"curies":[{"name":"wp","href":"https:\/\/api.w.org\/{rel}","templated":true}]}}